{"id":956,"date":"2026-04-27T22:07:34","date_gmt":"2026-04-28T02:07:34","guid":{"rendered":"https:\/\/sochifo.cl\/?p=956"},"modified":"2026-04-27T22:27:56","modified_gmt":"2026-04-28T02:27:56","slug":"continua-abierta-la-convocatoria-al-numero-especial-de-la-revista-chilena-de-fonoaudiologia-sobre-tecnologia-e-innovacion-en-colaboracion-con-sochifo","status":"publish","type":"post","link":"https:\/\/sochifo.cl\/?p=956","title":{"rendered":"Contin\u00faa abierta la convocatoria al n\u00famero especial de la Revista Chilena de Fonoaudiolog\u00eda sobre tecnolog\u00eda e innovaci\u00f3n, en colaboraci\u00f3n con SOCHIFO"},"content":{"rendered":"\n<p>La Sociedad Chilena de Fonoaudiolog\u00eda (SOCHIFO) y la Revista Chilena de Fonoaudiolog\u00eda mantienen abierta la convocatoria para el <strong>n\u00famero especial \u201cImpulsando la expansi\u00f3n de fronteras: tecnolog\u00eda e innovaci\u00f3n en Fonoaudiolog\u00eda<\/strong>\u201d, una iniciativa editorial que busca reunir investigaciones, experiencias y desarrollos innovadores en el campo disciplinar. El llamado permanecer\u00e1 abierto hasta octubre de 2026.<\/p>\n\n\n\n<p>La <strong>Sociedad Chilena de Fonoaudiolog\u00eda (SOCHIFO)<\/strong> y la <strong>Revista Chilena de Fonoaudiolog\u00eda<\/strong> invitan a acad\u00e9micos\/as, investigadores\/as y profesionales a participar del n\u00famero especial <strong>\u201cImpulsando la expansi\u00f3n de fronteras: tecnolog\u00eda e innovaci\u00f3n en Fonoaudiolog\u00eda\u201d<\/strong>, una convocatoria que contin\u00faa abierta y que busca visibilizar propuestas que aporten al desarrollo de una Fonoaudiolog\u00eda m\u00e1s innovadora, cr\u00edtica y conectada con los desaf\u00edos actuales de la disciplina.<\/p>\n\n\n\n<p>Este n\u00famero especial est\u00e1 orientado a reunir <strong>experiencias, investigaciones y desarrollos innovadores<\/strong> que integren tecnolog\u00edas emergentes, enfoques interdisciplinarios y metodolog\u00edas transformadoras, tanto en la pr\u00e1ctica cl\u00ednica como en la docencia universitaria, con especial \u00e9nfasis en el <strong>contexto latinoamericano<\/strong>. Asimismo, busca promover la reflexi\u00f3n sobre el impacto de la innovaci\u00f3n tecnol\u00f3gica, metodol\u00f3gica y educativa en la evoluci\u00f3n de la evaluaci\u00f3n, el diagn\u00f3stico, la intervenci\u00f3n y la formaci\u00f3n profesional en Fonoaudiolog\u00eda.<\/p>\n\n\n\n<h2 class=\"wp-block-heading\">Ejes tem\u00e1ticos de la convocatoria<\/h2>\n\n\n\n<p>Las propuestas pueden enmarcarse en tres grandes l\u00edneas:<\/p>\n\n\n\n<ul class=\"wp-block-list\">\n<li><strong>Innovaci\u00f3n en docencia universitaria en Fonoaudiolog\u00eda<\/strong><\/li>\n\n\n\n<li><strong>Innovaci\u00f3n en la pr\u00e1ctica fonoaudiol\u00f3gica<\/strong><\/li>\n\n\n\n<li><strong>Innovaci\u00f3n de base cient\u00edfico-tecnol\u00f3gica<\/strong><\/li>\n<\/ul>\n\n\n\n<p>Entre las tem\u00e1ticas de inter\u00e9s se incluyen, entre otras, el uso de <strong>inteligencia artificial<\/strong>, <strong>realidad aumentada y realidad virtual<\/strong>, <strong>gamificaci\u00f3n<\/strong>, <strong>telepr\u00e1ctica<\/strong>, <strong>biofeedback<\/strong>, <strong>sensores<\/strong>, <strong>modelos predictivos<\/strong>, <strong>dispositivos biom\u00e9dicos<\/strong>, as\u00ed como nuevas estrategias de formaci\u00f3n e intervenci\u00f3n en distintos \u00e1mbitos del quehacer fonoaudiol\u00f3gico.<\/p>\n\n\n\n<h2 class=\"wp-block-heading\">Tipos de manuscritos<\/h2>\n\n\n\n<p>La convocatoria recibe <strong>trabajos in\u00e9ditos<\/strong>, en <strong>espa\u00f1ol o ingl\u00e9s<\/strong>, en formato art\u00edculo. Se aceptan:<\/p>\n\n\n\n<ul class=\"wp-block-list\">\n<li>investigaciones originales (cuantitativas, cualitativas o mixtas),<\/li>\n\n\n\n<li>revisiones integrativas,<\/li>\n\n\n\n<li>revisiones de alcance,<\/li>\n\n\n\n<li>revisiones sistem\u00e1ticas,<\/li>\n\n\n\n<li>propuestas te\u00f3ricas,<\/li>\n\n\n\n<li>estudios de caso,<\/li>\n\n\n\n<li>sistematizaciones de experiencias.<\/li>\n<\/ul>\n\n\n\n<p>Todos los manuscritos ser\u00e1n sometidos a <strong>revisi\u00f3n por pares doble ciego<\/strong>, conforme al proceso editorial de la Revista Chilena de Fonoaudiolog\u00eda.<\/p>\n\n\n\n<h2 class=\"wp-block-heading\">Plazo de env\u00edo y publicaci\u00f3n<\/h2>\n\n\n\n<p>El <strong>plazo m\u00e1ximo para el env\u00edo de manuscritos es octubre de 2026<\/strong>.<\/p>\n\n\n\n<p>La publicaci\u00f3n del n\u00famero extraordinario est\u00e1 proyectada para el <strong>\u00faltimo trimestre de 2027<\/strong>, aunque los art\u00edculos aceptados podr\u00e1n estar disponibles previamente mediante la modalidad de <strong>publicaci\u00f3n continua<\/strong>.<\/p>\n\n\n\n<h2 class=\"wp-block-heading\">Equipo editorial del n\u00famero especial<\/h2>\n\n\n\n<p>El equipo editorial del n\u00famero especial est\u00e1 conformado por <strong>Jaime Crisosto Alarc\u00f3n<\/strong>, presidente de SOCHIFO, como editor responsable, y <strong>Carmen Julia Coloma<\/strong>, en representaci\u00f3n de la Revista Chilena de Fonoaudiolog\u00eda.<\/p>\n\n\n\n<p>Asimismo, colaboran como parte del equipo de coedici\u00f3n integrantes del directorio de SOCHIFO: <strong>Felipe Rosales Lillo, Katherine Mora Pino, Milena \u00c1lvarez Andrade y Francisca Pozo Tapia.<\/strong><\/p>\n\n\n\n<h2 class=\"wp-block-heading\">Informaci\u00f3n clave para postular<\/h2>\n\n\n\n<p><strong>Cierre de convocatoria:<\/strong> octubre de 2026<br><strong>Idiomas aceptados:<\/strong> espa\u00f1ol e ingl\u00e9s<br><strong>Modalidad de evaluaci\u00f3n:<\/strong> revisi\u00f3n por pares doble ciego<br><strong>Consultas:<\/strong> <a>numeroespecialinnovacion@gmail.com<\/a><br><strong>Bases:<\/strong> disponibles en el <a href=\"https:\/\/drive.google.com\/file\/d\/1NxQUj2SoHtWqCy3A4SO2h86xM4yViwaG\/view?usp=sharing\" data-type=\"link\" data-id=\"https:\/\/drive.google.com\/file\/d\/1NxQUj2SoHtWqCy3A4SO2h86xM4yViwaG\/view?usp=sharing\">documento oficial de la convocatoria<\/a> y normas editoriales de la <a href=\"https:\/\/revfono.uchile.cl\/\" data-type=\"link\" data-id=\"https:\/\/revfono.uchile.cl\/\">Revista Chilena de Fonoaudiolog\u00eda<\/a>.<\/p>\n\n\n\n<p>Desde SOCHIFO se invita a la comunidad acad\u00e9mica, cl\u00ednica y profesional a <strong>revisar las bases, difundir esta convocatoria y enviar sus propuestas<\/strong>, contribuyendo as\u00ed a fortalecer la discusi\u00f3n y producci\u00f3n de conocimiento en torno a la innovaci\u00f3n en Fonoaudiolog\u00eda.<\/p>\n\n\n\n<p><\/p>\n","protected":false},"excerpt":{"rendered":"<p>La Sociedad Chilena de Fonoaudiolog\u00eda (SOCHIFO) y la Revista Chilena de Fonoaudiolog\u00eda mantienen abierta la convocatoria para el n\u00famero especial [&hellip;]<\/p>\n","protected":false},"author":1,"featured_media":964,"comment_status":"closed","ping_status":"open","sticky":false,"template":"","format":"standard","meta":{"site-sidebar-layout":"default","site-content-layout":"","ast-site-content-layout":"default","site-content-style":"default","site-sidebar-style":"default","ast-global-header-display":"","ast-banner-title-visibility":"","ast-main-header-display":"","ast-hfb-above-header-display":"","ast-hfb-below-header-display":"","ast-hfb-mobile-header-display":"","site-post-title":"","ast-breadcrumbs-content":"","ast-featured-img":"","footer-sml-layout":"","theme-transparent-header-meta":"","adv-header-id-meta":"","stick-header-meta":"","header-above-stick-meta":"","header-main-stick-meta":"","header-below-stick-meta":"","astra-migrate-meta-layouts":"set","ast-page-background-enabled":"default","ast-page-background-meta":{"desktop":{"background-color":"var(--ast-global-color-4)","background-image":"","background-repeat":"repeat","background-position":"center center","background-size":"auto","background-attachment":"scroll","background-type":"","background-media":"","overlay-type":"","overlay-color":"","overlay-opacity":"","overlay-gradient":""},"tablet":{"background-color":"","background-image":"","background-repeat":"repeat","background-position":"center center","background-size":"auto","background-attachment":"scroll","background-type":"","background-media":"","overlay-type":"","overlay-color":"","overlay-opacity":"","overlay-gradient":""},"mobile":{"background-color":"","background-image":"","background-repeat":"repeat","background-position":"center center","background-size":"auto","background-attachment":"scroll","background-type":"","background-media":"","overlay-type":"","overlay-color":"","overlay-opacity":"","overlay-gradient":""}},"ast-content-background-meta":{"desktop":{"background-color":"var(--ast-global-color-5)","background-image":"","background-repeat":"repeat","background-position":"center center","background-size":"auto","background-attachment":"scroll","background-type":"","background-media":"","overlay-type":"","overlay-color":"","overlay-opacity":"","overlay-gradient":""},"tablet":{"background-color":"var(--ast-global-color-5)","background-image":"","background-repeat":"repeat","background-position":"center center","background-size":"auto","background-attachment":"scroll","background-type":"","background-media":"","overlay-type":"","overlay-color":"","overlay-opacity":"","overlay-gradient":""},"mobile":{"background-color":"var(--ast-global-color-5)","background-image":"","background-repeat":"repeat","background-position":"center center","background-size":"auto","background-attachment":"scroll","background-type":"","background-media":"","overlay-type":"","overlay-color":"","overlay-opacity":"","overlay-gradient":""}},"footnotes":""},"categories":[32,1,14],"tags":[],"class_list":["post-956","post","type-post","status-publish","format-standard","has-post-thumbnail","hentry","category-convocatoria","category-eventos","category-noticias"],"_links":{"self":[{"href":"https:\/\/sochifo.cl\/index.php?rest_route=\/wp\/v2\/posts\/956","targetHints":{"allow":["GET"]}}],"collection":[{"href":"https:\/\/sochifo.cl\/index.php?rest_route=\/wp\/v2\/posts"}],"about":[{"href":"https:\/\/sochifo.cl\/index.php?rest_route=\/wp\/v2\/types\/post"}],"author":[{"embeddable":true,"href":"https:\/\/sochifo.cl\/index.php?rest_route=\/wp\/v2\/users\/1"}],"replies":[{"embeddable":true,"href":"https:\/\/sochifo.cl\/index.php?rest_route=%2Fwp%2Fv2%2Fcomments&post=956"}],"version-history":[{"count":6,"href":"https:\/\/sochifo.cl\/index.php?rest_route=\/wp\/v2\/posts\/956\/revisions"}],"predecessor-version":[{"id":963,"href":"https:\/\/sochifo.cl\/index.php?rest_route=\/wp\/v2\/posts\/956\/revisions\/963"}],"wp:featuredmedia":[{"embeddable":true,"href":"https:\/\/sochifo.cl\/index.php?rest_route=\/wp\/v2\/media\/964"}],"wp:attachment":[{"href":"https:\/\/sochifo.cl\/index.php?rest_route=%2Fwp%2Fv2%2Fmedia&parent=956"}],"wp:term":[{"taxonomy":"category","embeddable":true,"href":"https:\/\/sochifo.cl\/index.php?rest_route=%2Fwp%2Fv2%2Fcategories&post=956"},{"taxonomy":"post_tag","embeddable":true,"href":"https:\/\/sochifo.cl\/index.php?rest_route=%2Fwp%2Fv2%2Ftags&post=956"}],"curies":[{"name":"wp","href":"https:\/\/api.w.org\/{rel}","templated":true}]}}