{"id":965,"date":"2026-04-27T23:34:33","date_gmt":"2026-04-28T03:34:33","guid":{"rendered":"https:\/\/sochifo.cl\/?p=965"},"modified":"2026-04-27T23:36:47","modified_gmt":"2026-04-28T03:36:47","slug":"valdivia-recibira-el-iii-congreso-de-la-sociedad-chilena-de-fonoaudiologia-con-foco-en-innovacion-y-tecnologias","status":"publish","type":"post","link":"https:\/\/sochifo.cl\/?p=965","title":{"rendered":"Valdivia recibir\u00e1 el III Congreso de la Sociedad Chilena de Fonoaudiolog\u00eda, con foco en innovaci\u00f3n y tecnolog\u00edas."},"content":{"rendered":"\n<p><strong><\/strong><\/p>\n\n\n\n<p>La ciudad de <strong>Valdivia<\/strong> ser\u00e1 sede del <strong>III Congreso de la Sociedad Chilena de Fonoaudiolog\u00eda<\/strong>, que se realizar\u00e1 los d\u00edas <strong>22, 23 y 24 de octubre de 2026<\/strong> con la Escuela de Fonoaudiolog\u00eda de la Universidad San Sebasti\u00e1n como instituci\u00f3n anfitriona. Bajo el lema <strong>\u201cInnovaci\u00f3n disciplinar y tecnolog\u00edas a lo largo del curso de la vida\u201d<\/strong>, esta nueva edici\u00f3n se proyecta como una instancia de especial relevancia para la comunidad acad\u00e9mica, profesional y estudiantil vinculada al desarrollo contempor\u00e1neo de la disciplina.<\/p>\n\n\n\n<p>En un escenario marcado por la transformaci\u00f3n tecnol\u00f3gica, la diversificaci\u00f3n de los campos de desempe\u00f1o y la necesidad de fortalecer el v\u00ednculo entre investigaci\u00f3n, docencia y pr\u00e1ctica cl\u00ednica, el Congreso se instala como un espacio especialmente pertinente para discutir los desaf\u00edos que hoy atraviesan a la Fonoaudiolog\u00eda. La tem\u00e1tica de esta tercera edici\u00f3n sit\u00faa en el centro una conversaci\u00f3n estrat\u00e9gica para el campo: el lugar de la innovaci\u00f3n disciplinar, las tecnolog\u00edas emergentes y el trabajo interdisciplinario en la evoluci\u00f3n de las pr\u00e1cticas profesionales y cient\u00edficas.<\/p>\n\n\n\n<p>La realizaci\u00f3n de una tercera versi\u00f3n confirma, adem\u00e1s, el proceso de consolidaci\u00f3n que este encuentro ha venido experimentando en los \u00faltimos a\u00f1os. M\u00e1s all\u00e1 de su programaci\u00f3n acad\u00e9mica, el Congreso se ha ido posicionando como una plataforma de intercambio cient\u00edfico, circulaci\u00f3n de conocimiento y articulaci\u00f3n de redes entre investigadoras, investigadores, docentes, profesionales, estudiantes y equipos de \u00e1reas afines. En esa misma l\u00ednea, esta edici\u00f3n tambi\u00e9n se proyecta como una oportunidad especialmente valiosa para<strong> <\/strong>fortalecer v\u00ednculos profesionales, generar nuevas colaboraciones y propiciar espacios de encuentro entre integrantes de la Sociedad Chilena de Fonoaudiolog\u00eda, asistentes, expositoras, expositores y comunidades acad\u00e9micas provenientes de distintos territorios.<\/p>\n\n\n\n<p>A ello se suma una dimensi\u00f3n que enriquecer\u00e1 la experiencia de participaci\u00f3n presencial: la realizaci\u00f3n del Congreso en Valdivia permitir\u00e1 proyectar este encuentro no solo como una instancia acad\u00e9mica de alto valor, sino tambi\u00e9n como un espacio de convivencia, intercambio y fortalecimiento de redes entre integrantes de la comunidad disciplinar. En ese marco, el entorno territorial ofrece condiciones especialmente propicias para la vida asociativa, el di\u00e1logo entre colegas y la construcci\u00f3n de v\u00ednculos que trascienden el programa cient\u00edfico formal.<\/p>\n\n\n\n<h2 class=\"wp-block-heading\"><strong>Informaci\u00f3n clave<\/strong><\/h2>\n\n\n\n<p><strong>Evento:<\/strong> III Congreso de la Sociedad Chilena de Fonoaudiolog\u00eda<br><strong>Lema:<\/strong> <em>Innovaci\u00f3n disciplinar y tecnolog\u00edas a lo largo del curso de la vida<\/em><br><strong>Fecha de realizaci\u00f3n:<\/strong> 22, 23 y 24 de octubre de 2026<br><strong>Lugar:<\/strong> Valdivia, Chile<br><strong>Instituci\u00f3n anfitriona:<\/strong> Escuela de Fonoaudiolog\u00eda, Universidad San Sebasti\u00e1n<br><strong>Modalidades  de postulaci\u00f3n:<\/strong> Presentaci\u00f3n oral, p\u00f3ster y simposio<br><strong>Cierre de recepci\u00f3n de res\u00famenes:<\/strong> Viernes 12 de junio de 2026, 23:59 hrs<br><strong>Comunicaci\u00f3n de resultados:<\/strong> Julio de 2026<br><strong>Sitio oficial del Congreso y bases de postulaci\u00f3n:<\/strong> <a href=\"https:\/\/congresosochifo.cl\/comisiones\/\">congresosochifo.cl<\/a><br><strong>Consultas cient\u00edficas:<\/strong> <a>comisioncientifica.sochifo@gmail.com<\/a><\/p>\n\n\n\n<p><\/p>\n","protected":false},"excerpt":{"rendered":"<p>La ciudad de Valdivia ser\u00e1 sede del III Congreso de la Sociedad Chilena de Fonoaudiolog\u00eda, que se realizar\u00e1 los d\u00edas [&hellip;]<\/p>\n","protected":false},"author":1,"featured_media":967,"comment_status":"closed","ping_status":"open","sticky":false,"template":"","format":"standard","meta":{"site-sidebar-layout":"default","site-content-layout":"","ast-site-content-layout":"default","site-content-style":"default","site-sidebar-style":"default","ast-global-header-display":"","ast-banner-title-visibility":"","ast-main-header-display":"","ast-hfb-above-header-display":"","ast-hfb-below-header-display":"","ast-hfb-mobile-header-display":"","site-post-title":"","ast-breadcrumbs-content":"","ast-featured-img":"","footer-sml-layout":"","theme-transparent-header-meta":"","adv-header-id-meta":"","stick-header-meta":"","header-above-stick-meta":"","header-main-stick-meta":"","header-below-stick-meta":"","astra-migrate-meta-layouts":"set","ast-page-background-enabled":"default","ast-page-background-meta":{"desktop":{"background-color":"var(--ast-global-color-4)","background-image":"","background-repeat":"repeat","background-position":"center center","background-size":"auto","background-attachment":"scroll","background-type":"","background-media":"","overlay-type":"","overlay-color":"","overlay-opacity":"","overlay-gradient":""},"tablet":{"background-color":"","background-image":"","background-repeat":"repeat","background-position":"center center","background-size":"auto","background-attachment":"scroll","background-type":"","background-media":"","overlay-type":"","overlay-color":"","overlay-opacity":"","overlay-gradient":""},"mobile":{"background-color":"","background-image":"","background-repeat":"repeat","background-position":"center center","background-size":"auto","background-attachment":"scroll","background-type":"","background-media":"","overlay-type":"","overlay-color":"","overlay-opacity":"","overlay-gradient":""}},"ast-content-background-meta":{"desktop":{"background-color":"var(--ast-global-color-5)","background-image":"","background-repeat":"repeat","background-position":"center center","background-size":"auto","background-attachment":"scroll","background-type":"","background-media":"","overlay-type":"","overlay-color":"","overlay-opacity":"","overlay-gradient":""},"tablet":{"background-color":"var(--ast-global-color-5)","background-image":"","background-repeat":"repeat","background-position":"center center","background-size":"auto","background-attachment":"scroll","background-type":"","background-media":"","overlay-type":"","overlay-color":"","overlay-opacity":"","overlay-gradient":""},"mobile":{"background-color":"var(--ast-global-color-5)","background-image":"","background-repeat":"repeat","background-position":"center center","background-size":"auto","background-attachment":"scroll","background-type":"","background-media":"","overlay-type":"","overlay-color":"","overlay-opacity":"","overlay-gradient":""}},"footnotes":""},"categories":[1],"tags":[29,30,28,33],"class_list":["post-965","post","type-post","status-publish","format-standard","has-post-thumbnail","hentry","category-eventos","tag-congreso-de-fonoaudiologia","tag-fonoaudiologia-en-chile","tag-investigacion","tag-sochifo"],"_links":{"self":[{"href":"https:\/\/sochifo.cl\/index.php?rest_route=\/wp\/v2\/posts\/965","targetHints":{"allow":["GET"]}}],"collection":[{"href":"https:\/\/sochifo.cl\/index.php?rest_route=\/wp\/v2\/posts"}],"about":[{"href":"https:\/\/sochifo.cl\/index.php?rest_route=\/wp\/v2\/types\/post"}],"author":[{"embeddable":true,"href":"https:\/\/sochifo.cl\/index.php?rest_route=\/wp\/v2\/users\/1"}],"replies":[{"embeddable":true,"href":"https:\/\/sochifo.cl\/index.php?rest_route=%2Fwp%2Fv2%2Fcomments&post=965"}],"version-history":[{"count":4,"href":"https:\/\/sochifo.cl\/index.php?rest_route=\/wp\/v2\/posts\/965\/revisions"}],"predecessor-version":[{"id":971,"href":"https:\/\/sochifo.cl\/index.php?rest_route=\/wp\/v2\/posts\/965\/revisions\/971"}],"wp:featuredmedia":[{"embeddable":true,"href":"https:\/\/sochifo.cl\/index.php?rest_route=\/wp\/v2\/media\/967"}],"wp:attachment":[{"href":"https:\/\/sochifo.cl\/index.php?rest_route=%2Fwp%2Fv2%2Fmedia&parent=965"}],"wp:term":[{"taxonomy":"category","embeddable":true,"href":"https:\/\/sochifo.cl\/index.php?rest_route=%2Fwp%2Fv2%2Fcategories&post=965"},{"taxonomy":"post_tag","embeddable":true,"href":"https:\/\/sochifo.cl\/index.php?rest_route=%2Fwp%2Fv2%2Ftags&post=965"}],"curies":[{"name":"wp","href":"https:\/\/api.w.org\/{rel}","templated":true}]}}